{"id":13008,"date":"2024-03-23T11:47:16","date_gmt":"2024-03-23T09:47:16","guid":{"rendered":"https:\/\/fnac-preprod.magento.digitalphoto.dev\/conseils-photo\/?p=13008"},"modified":"2025-07-25T15:37:22","modified_gmt":"2025-07-25T13:37:22","slug":"7-conseils-pour-bien-utiliser-les-couleurs-en-photographie","status":"publish","type":"post","link":"https:\/\/photo.fnac.com\/conseils-photo\/7-conseils-pour-bien-utiliser-les-couleurs-en-photographie\/","title":{"rendered":"7 conseils pour bien utiliser les couleurs en photographie"},"content":{"rendered":"\n\n<p>Rire jaune, \u00eatre vert de peur ou rouge de honte &#8230; La couleur est entr\u00e9e dans notre langage et dans notre environnement quotidien. Nous y pr\u00eatons peu d&rsquo;attention car elle est devenue famili\u00e8re, omnipr\u00e9sente. Elle v\u00e9hicule pourtant des codes, cr\u00e9e des ambiances, influe sur notre humeur et nos \u00e9motions. Pour le photographe, elle est un <strong>outil essentiel<\/strong> qui doit \u00eatre compris pour \u00eatre utilis\u00e9 \u00e0 bon escient. Nos experts de la photo vous expliquent aujourd&rsquo;hui comment vous servir de la couleur pour <strong>am\u00e9liorer la qualit\u00e9 de vos images. <\/strong>Voici les 7 conseils pour utiliser les couleurs en photographie :<\/p>\n<h2><strong>1. Conna\u00eetre le langage des couleurs<\/strong><\/h2>\n<p>Que nous en soyons conscients ou pas, les couleurs ont chacune une signification. Elles ont une influence sur nos \u00e9motions et contribuent \u00e0 cr\u00e9er une atmosph\u00e8re apaisante, \u00e9touffante, romantique, joyeuse&#8230; Conna\u00eetre la symbolique et les codes v\u00e9hicul\u00e9s par les teintes les plus courantes aide \u00e0 la composition photographique, en particulier dans le cas de prise de vue en studio o\u00f9 vous avez le choix de la mise en sc\u00e8ne. Sachez bien cependant que selon le contexte, la signification d&rsquo;une couleur peut-\u00eatre tout \u00e0 fait diff\u00e9rente. Par exemple, le rouge est aussi bien la couleur de l&rsquo;amour, de la passion et de la f\u00eate que celle du danger, de la violence et de la col\u00e8re.<\/p>\n<h2><strong>2. Apprendre \u00e0 voir les couleurs<\/strong><\/h2>\n<p>Voici un exercice efficace pour am\u00e9liorer la composition de vos images. Regardez autour de vous et listez mentalement les couleurs chaudes et les couleurs froides, les teintes claires et les fonc\u00e9es. En ayant une vision globale d&rsquo;une sc\u00e8ne, sans chercher \u00e0 en voir les d\u00e9tails, notez les couleurs qui attirent votre \u0153il. Quels sont les objets qui vous restent en m\u00e9moire, spontan\u00e9ment, si vous fermez les yeux ? Demandez-vous pourquoi ces objets sortent du lot ? Ils se distinguent par leur clart\u00e9, leur vivacit\u00e9 chromatique, ou bien par leur densit\u00e9 sombre ? Sur un arri\u00e8re-plan aux teintes compl\u00e9mentaires ? Dans des tonalit\u00e9s chaudes, contrastant avec des \u00e9l\u00e9ments froids ? Vous apprendrez petit \u00e0 petit \u00e0 rep\u00e9rer sans effort les teintes fortes d&rsquo;une sc\u00e8ne et celles qui sont plus discr\u00e8tes, plus en retrait.<\/p>\n<h2><strong>3. Jouer sur le clair et le fonc\u00e9<\/strong><\/h2>\n<p>Les teintes claires attirent le regard au d\u00e9triment des couleurs fonc\u00e9es. Le jaune est la teinte la plus claire du cercle chromatique et le mauve la plus fonc\u00e9e. M\u00eame si elle occupe une toute petite surface de votre image, une pointe de jaune sautera ainsi aux yeux dans un ensemble aux teintes plus fonc\u00e9es. Si ce petit \u00e9l\u00e9ment jaune est votre sujet, servez-vous-en et positionnez-le sur un point fort de l&rsquo;image. S&rsquo;il n&rsquo;est pas votre sujet principal, apprenez \u00e0 le rep\u00e9rer et sortez-le de votre cadre ou arrangez-vous pour le mettre dans l&rsquo;ombre ou le cacher.<\/p>\n<h2><strong>4. Se m\u00e9fier des couleurs vives<\/strong><\/h2>\n<p>Les couleurs vives sont attrayantes mais doivent \u00eatre utilis\u00e9es avec pr\u00e9caution. Si elles ne sont pas le sujet principal de votre image, t\u00e2chez de les sortir de votre cadre car elles risquent de prendre le dessus sur les autres teintes ou de rendre la sc\u00e8ne confuse. Si, au contraire, elles font partie de votre sujet, n&rsquo;en faites pas trop ! Choisissez une ou deux couleurs vives et cherchez une composition simple, graphique en excluant ce qui est hors sujet. Juxtaposer plus de deux ou trois couleurs vives a tendance \u00e0 en annuler l&rsquo;impact.<\/p>\n<h2><strong>5. Tirer parti de la m\u00e9t\u00e9o<\/strong><\/h2>\n<p>La pluie, la neige, le brouillard ou un temps couvert ternissent toutes les couleurs d&rsquo;un paysage. Ne restez pas chez vous pour autant ! Vous pouvez, dans ces ambiances de faible luminosit\u00e9 et de faible contraste, r\u00e9aliser des images douces, subtiles, o\u00f9 les sujets se devinent plus qu&rsquo;ils ne se voient, o\u00f9 les teintes prennent des nuances pastel. Vous pouvez composer des photos d&rsquo;o\u00f9 se d\u00e9gage une atmosph\u00e8re myst\u00e9rieuse, feutr\u00e9e, inqui\u00e9tante ou d&rsquo;une grande s\u00e9r\u00e9nit\u00e9. A contrario, par temps d\u00e9gag\u00e9, les couleurs sont \u00e9clatantes, les teintes vives et les contrastes renforc\u00e9s.<\/p>\n<h2><strong>6. Observez les changements de teintes au cours de la journ\u00e9e<\/strong><\/h2>\n<p>Le matin, l&rsquo;atmosph\u00e8re est limpide, l&rsquo;air s&rsquo;est refroidi pendant la nuit et les poussi\u00e8res en suspension ont disparu. Avant le lever du soleil, apparaissent des mauves, des gris, des tons bleut\u00e9s ou roses pour des images qui respirent la fra\u00eecheur matinale, o\u00f9 l&rsquo;immobilit\u00e9 et la puret\u00e9 de l&rsquo;air sont palpables. Les premiers rayons illuminent le paysage dans des tons chauds orang\u00e9s, jaunes et bruns. En fin de journ\u00e9e, en particulier en \u00e9t\u00e9, la pr\u00e9sence de poussi\u00e8res dans l&rsquo;atmosph\u00e8re peut att\u00e9nuer la vivacit\u00e9 des teintes par une sorte de voile qui rend les images plus ternes mais peut aussi traduire cette ambiance de chaleur et apporter une mati\u00e8re \u00e0 l&rsquo;image.<\/p>\n<h2><strong>7. Ma\u00eetriser la balance des blancs<\/strong><\/h2>\n<p>La couleur de la lumi\u00e8re \u00e9mise par le soleil varie en fonction des heures de la journ\u00e9e et elle est donc rarement blanche. Il en est de m\u00eame pour les sources lumineuses artificielles.<\/p>\n<p>Notre \u0153il corrige de lui-m\u00eame ces variations. En revanche, le capteur num\u00e9rique n&rsquo;a pas cette facult\u00e9 et reproduit la couleur telle qu&rsquo;elle est r\u00e9ellement : une lampe \u00e0 incandescence \u00e9met une lumi\u00e8re chaude et qui se traduit par une dominante jaune orang\u00e9e sur les photos. La balance des blancs (les ex-filtres en photographie argentique) permet de compenser ces \u00e9carts et d&rsquo;att\u00e9nuer ainsi les dominantes de couleurs lorsqu&rsquo;elles sont jug\u00e9es ind\u00e9sirables sur les photos.<\/p>\n\n\t\t\t<a href=\"https:\/\/photo.fnac.com\/\" target=\"_self\">\n\t\t\t\t\t\t\tPr\u00eat(e) \u00e0 mettre en valeur vos photos? \n\t\t\t\t\t<\/a>\n\n","protected":false},"excerpt":{"rendered":"<p>Rire jaune, \u00eatre vert de peur ou rouge de honte &#8230; La couleur est entr\u00e9e dans notre langage et dans notre environnement quotidien. Nous y pr\u00eatons peu d&rsquo;attention car elle est devenue famili\u00e8re, omnipr\u00e9sente. Elle v\u00e9hicule pourtant des codes, cr\u00e9e des ambiances, influe sur notre humeur et nos \u00e9motions. Pour le photographe, elle est un&hellip;<\/p>\n","protected":false},"author":33,"featured_media":13009,"comment_status":"closed","ping_status":"closed","sticky":false,"template":"single-standard.php","format":"standard","meta":{"footnotes":""},"categories":[114],"tags":[],"class_list":["post-13008","post","type-post","status-publish","format-standard","has-post-thumbnail","hentry","category-conseils-astuces"],"yoast_head":"<!-- This site is optimized with the Yoast SEO plugin v25.3.1 - https:\/\/yoast.com\/wordpress\/plugins\/seo\/ -->\n<title>7 conseils pour bien utiliser les couleurs en photographie<\/title>\n<meta name=\"description\" content=\"Rire jaune, \u00eatre vert de peur ou rouge de honte &#8230; La couleur est entr\u00e9e dans notre langage et dans notre environnement quotidien. Nous y pr\u00eatons peu\" \/>\n<meta name=\"robots\" content=\"index, follow, max-snippet:-1, max-image-preview:large, max-video-preview:-1\" \/>\n<link rel=\"canonical\" href=\"https:\/\/photo.fnac.com\/conseils-photo\/7-conseils-pour-bien-utiliser-les-couleurs-en-photographie\/\" \/>\n<meta property=\"og:locale\" content=\"fr_FR\" \/>\n<meta property=\"og:type\" content=\"article\" \/>\n<meta property=\"og:title\" content=\"7 conseils pour bien utiliser les couleurs en photographie\" \/>\n<meta property=\"og:description\" content=\"Rire jaune, \u00eatre vert de peur ou rouge de honte &#8230; La couleur est entr\u00e9e dans notre langage et dans notre environnement quotidien. Nous y pr\u00eatons peu\" \/>\n<meta property=\"og:url\" content=\"https:\/\/photo.fnac.com\/conseils-photo\/7-conseils-pour-bien-utiliser-les-couleurs-en-photographie\/\" \/>\n<meta property=\"og:site_name\" content=\"Fnac\" \/>\n<meta property=\"article:published_time\" content=\"2024-03-23T09:47:16+00:00\" \/>\n<meta property=\"article:modified_time\" content=\"2025-07-25T13:37:22+00:00\" \/>\n<meta property=\"og:image\" content=\"https:\/\/photo.fnac.com\/conseils-photo\/wp-content\/uploads\/2024\/04\/bien_utiliser_couleurs_photographie.jpg\" \/>\n\t<meta property=\"og:image:width\" content=\"1280\" \/>\n\t<meta property=\"og:image:height\" content=\"960\" \/>\n\t<meta property=\"og:image:type\" content=\"image\/jpeg\" \/>\n<meta name=\"author\" content=\"Antoine Pallichaud\" \/>\n<meta name=\"twitter:card\" content=\"summary_large_image\" \/>\n<meta name=\"twitter:label1\" content=\"\u00c9crit par\" \/>\n\t<meta name=\"twitter:data1\" content=\"Antoine Pallichaud\" \/>\n\t<meta name=\"twitter:label2\" content=\"Dur\u00e9e de lecture estim\u00e9e\" \/>\n\t<meta name=\"twitter:data2\" content=\"5 minutes\" \/>\n<script type=\"application\/ld+json\" class=\"yoast-schema-graph\">{\"@context\":\"https:\/\/schema.org\",\"@graph\":[{\"@type\":\"Article\",\"@id\":\"https:\/\/photo.fnac.com\/conseils-photo\/7-conseils-pour-bien-utiliser-les-couleurs-en-photographie\/#article\",\"isPartOf\":{\"@id\":\"https:\/\/photo.fnac.com\/conseils-photo\/7-conseils-pour-bien-utiliser-les-couleurs-en-photographie\/\"},\"author\":{\"name\":\"Antoine Pallichaud\",\"@id\":\"https:\/\/photo.fnac.com\/conseils-photo\/#\/schema\/person\/e569b38980f92f6d5428b4c122945a11\"},\"headline\":\"7 conseils pour bien utiliser les couleurs en photographie\",\"datePublished\":\"2024-03-23T09:47:16+00:00\",\"dateModified\":\"2025-07-25T13:37:22+00:00\",\"mainEntityOfPage\":{\"@id\":\"https:\/\/photo.fnac.com\/conseils-photo\/7-conseils-pour-bien-utiliser-les-couleurs-en-photographie\/\"},\"wordCount\":954,\"publisher\":{\"@id\":\"https:\/\/photo.fnac.com\/conseils-photo\/#organization\"},\"image\":{\"@id\":\"https:\/\/photo.fnac.com\/conseils-photo\/7-conseils-pour-bien-utiliser-les-couleurs-en-photographie\/#primaryimage\"},\"thumbnailUrl\":\"https:\/\/photo.fnac.com\/conseils-photo\/wp-content\/uploads\/2024\/04\/bien_utiliser_couleurs_photographie.jpg\",\"articleSection\":[\"Conseils et Astuces\"],\"inLanguage\":\"fr-FR\"},{\"@type\":\"WebPage\",\"@id\":\"https:\/\/photo.fnac.com\/conseils-photo\/7-conseils-pour-bien-utiliser-les-couleurs-en-photographie\/\",\"url\":\"https:\/\/photo.fnac.com\/conseils-photo\/7-conseils-pour-bien-utiliser-les-couleurs-en-photographie\/\",\"name\":\"7 conseils pour bien utiliser les couleurs en photographie\",\"isPartOf\":{\"@id\":\"https:\/\/photo.fnac.com\/conseils-photo\/#website\"},\"primaryImageOfPage\":{\"@id\":\"https:\/\/photo.fnac.com\/conseils-photo\/7-conseils-pour-bien-utiliser-les-couleurs-en-photographie\/#primaryimage\"},\"image\":{\"@id\":\"https:\/\/photo.fnac.com\/conseils-photo\/7-conseils-pour-bien-utiliser-les-couleurs-en-photographie\/#primaryimage\"},\"thumbnailUrl\":\"https:\/\/photo.fnac.com\/conseils-photo\/wp-content\/uploads\/2024\/04\/bien_utiliser_couleurs_photographie.jpg\",\"datePublished\":\"2024-03-23T09:47:16+00:00\",\"dateModified\":\"2025-07-25T13:37:22+00:00\",\"description\":\"Rire jaune, \u00eatre vert de peur ou rouge de honte &#8230; La couleur est entr\u00e9e dans notre langage et dans notre environnement quotidien. Nous y pr\u00eatons peu\",\"breadcrumb\":{\"@id\":\"https:\/\/photo.fnac.com\/conseils-photo\/7-conseils-pour-bien-utiliser-les-couleurs-en-photographie\/#breadcrumb\"},\"inLanguage\":\"fr-FR\",\"potentialAction\":[{\"@type\":\"ReadAction\",\"target\":[\"https:\/\/photo.fnac.com\/conseils-photo\/7-conseils-pour-bien-utiliser-les-couleurs-en-photographie\/\"]}]},{\"@type\":\"ImageObject\",\"inLanguage\":\"fr-FR\",\"@id\":\"https:\/\/photo.fnac.com\/conseils-photo\/7-conseils-pour-bien-utiliser-les-couleurs-en-photographie\/#primaryimage\",\"url\":\"https:\/\/photo.fnac.com\/conseils-photo\/wp-content\/uploads\/2024\/04\/bien_utiliser_couleurs_photographie.jpg\",\"contentUrl\":\"https:\/\/photo.fnac.com\/conseils-photo\/wp-content\/uploads\/2024\/04\/bien_utiliser_couleurs_photographie.jpg\",\"width\":1280,\"height\":960},{\"@type\":\"BreadcrumbList\",\"@id\":\"https:\/\/photo.fnac.com\/conseils-photo\/7-conseils-pour-bien-utiliser-les-couleurs-en-photographie\/#breadcrumb\",\"itemListElement\":[{\"@type\":\"ListItem\",\"position\":1,\"name\":\"Accueil\",\"item\":\"https:\/\/photo.fnac.com\/conseils-photo\/\"},{\"@type\":\"ListItem\",\"position\":2,\"name\":\"Conseils et Astuces\",\"item\":\"https:\/\/photo.fnac.com\/conseils-photo\/category\/conseils-astuces\/\"},{\"@type\":\"ListItem\",\"position\":3,\"name\":\"7 conseils pour bien utiliser les couleurs en photographie\"}]},{\"@type\":\"WebSite\",\"@id\":\"https:\/\/photo.fnac.com\/conseils-photo\/#website\",\"url\":\"https:\/\/photo.fnac.com\/conseils-photo\/\",\"name\":\"Fnac Photo\",\"description\":\"Tous nos conseils photos\",\"publisher\":{\"@id\":\"https:\/\/photo.fnac.com\/conseils-photo\/#organization\"},\"potentialAction\":[{\"@type\":\"SearchAction\",\"target\":{\"@type\":\"EntryPoint\",\"urlTemplate\":\"https:\/\/photo.fnac.com\/conseils-photo\/?s={search_term_string}\"},\"query-input\":{\"@type\":\"PropertyValueSpecification\",\"valueRequired\":true,\"valueName\":\"search_term_string\"}}],\"inLanguage\":\"fr-FR\"},{\"@type\":\"Organization\",\"@id\":\"https:\/\/photo.fnac.com\/conseils-photo\/#organization\",\"name\":\"Fnac Photo\",\"alternateName\":\"Fnac\",\"url\":\"https:\/\/photo.fnac.com\/conseils-photo\/\",\"logo\":{\"@type\":\"ImageObject\",\"inLanguage\":\"fr-FR\",\"@id\":\"https:\/\/photo.fnac.com\/conseils-photo\/#\/schema\/logo\/image\/\",\"url\":\"https:\/\/fnac-preprod.magento.digitalphoto.dev\/conseils-photo\/wp-content\/uploads\/2024\/04\/cropped-favicon_fnac.png\",\"contentUrl\":\"https:\/\/fnac-preprod.magento.digitalphoto.dev\/conseils-photo\/wp-content\/uploads\/2024\/04\/cropped-favicon_fnac.png\",\"width\":512,\"height\":512,\"caption\":\"Fnac Photo\"},\"image\":{\"@id\":\"https:\/\/photo.fnac.com\/conseils-photo\/#\/schema\/logo\/image\/\"}},{\"@type\":\"Person\",\"@id\":\"https:\/\/photo.fnac.com\/conseils-photo\/#\/schema\/person\/e569b38980f92f6d5428b4c122945a11\",\"name\":\"Antoine Pallichaud\"}]}<\/script>\n<!-- \/ Yoast SEO plugin. -->","yoast_head_json":{"title":"7 conseils pour bien utiliser les couleurs en photographie","description":"Rire jaune, \u00eatre vert de peur ou rouge de honte &#8230; La couleur est entr\u00e9e dans notre langage et dans notre environnement quotidien. Nous y pr\u00eatons peu","robots":{"index":"index","follow":"follow","max-snippet":"max-snippet:-1","max-image-preview":"max-image-preview:large","max-video-preview":"max-video-preview:-1"},"canonical":"https:\/\/photo.fnac.com\/conseils-photo\/7-conseils-pour-bien-utiliser-les-couleurs-en-photographie\/","og_locale":"fr_FR","og_type":"article","og_title":"7 conseils pour bien utiliser les couleurs en photographie","og_description":"Rire jaune, \u00eatre vert de peur ou rouge de honte &#8230; La couleur est entr\u00e9e dans notre langage et dans notre environnement quotidien. Nous y pr\u00eatons peu","og_url":"https:\/\/photo.fnac.com\/conseils-photo\/7-conseils-pour-bien-utiliser-les-couleurs-en-photographie\/","og_site_name":"Fnac","article_published_time":"2024-03-23T09:47:16+00:00","article_modified_time":"2025-07-25T13:37:22+00:00","og_image":[{"width":1280,"height":960,"url":"https:\/\/photo.fnac.com\/conseils-photo\/wp-content\/uploads\/2024\/04\/bien_utiliser_couleurs_photographie.jpg","type":"image\/jpeg"}],"author":"Antoine Pallichaud","twitter_card":"summary_large_image","twitter_misc":{"\u00c9crit par":"Antoine Pallichaud","Dur\u00e9e de lecture estim\u00e9e":"5 minutes"},"schema":{"@context":"https:\/\/schema.org","@graph":[{"@type":"Article","@id":"https:\/\/photo.fnac.com\/conseils-photo\/7-conseils-pour-bien-utiliser-les-couleurs-en-photographie\/#article","isPartOf":{"@id":"https:\/\/photo.fnac.com\/conseils-photo\/7-conseils-pour-bien-utiliser-les-couleurs-en-photographie\/"},"author":{"name":"Antoine Pallichaud","@id":"https:\/\/photo.fnac.com\/conseils-photo\/#\/schema\/person\/e569b38980f92f6d5428b4c122945a11"},"headline":"7 conseils pour bien utiliser les couleurs en photographie","datePublished":"2024-03-23T09:47:16+00:00","dateModified":"2025-07-25T13:37:22+00:00","mainEntityOfPage":{"@id":"https:\/\/photo.fnac.com\/conseils-photo\/7-conseils-pour-bien-utiliser-les-couleurs-en-photographie\/"},"wordCount":954,"publisher":{"@id":"https:\/\/photo.fnac.com\/conseils-photo\/#organization"},"image":{"@id":"https:\/\/photo.fnac.com\/conseils-photo\/7-conseils-pour-bien-utiliser-les-couleurs-en-photographie\/#primaryimage"},"thumbnailUrl":"https:\/\/photo.fnac.com\/conseils-photo\/wp-content\/uploads\/2024\/04\/bien_utiliser_couleurs_photographie.jpg","articleSection":["Conseils et Astuces"],"inLanguage":"fr-FR"},{"@type":"WebPage","@id":"https:\/\/photo.fnac.com\/conseils-photo\/7-conseils-pour-bien-utiliser-les-couleurs-en-photographie\/","url":"https:\/\/photo.fnac.com\/conseils-photo\/7-conseils-pour-bien-utiliser-les-couleurs-en-photographie\/","name":"7 conseils pour bien utiliser les couleurs en photographie","isPartOf":{"@id":"https:\/\/photo.fnac.com\/conseils-photo\/#website"},"primaryImageOfPage":{"@id":"https:\/\/photo.fnac.com\/conseils-photo\/7-conseils-pour-bien-utiliser-les-couleurs-en-photographie\/#primaryimage"},"image":{"@id":"https:\/\/photo.fnac.com\/conseils-photo\/7-conseils-pour-bien-utiliser-les-couleurs-en-photographie\/#primaryimage"},"thumbnailUrl":"https:\/\/photo.fnac.com\/conseils-photo\/wp-content\/uploads\/2024\/04\/bien_utiliser_couleurs_photographie.jpg","datePublished":"2024-03-23T09:47:16+00:00","dateModified":"2025-07-25T13:37:22+00:00","description":"Rire jaune, \u00eatre vert de peur ou rouge de honte &#8230; La couleur est entr\u00e9e dans notre langage et dans notre environnement quotidien. Nous y pr\u00eatons peu","breadcrumb":{"@id":"https:\/\/photo.fnac.com\/conseils-photo\/7-conseils-pour-bien-utiliser-les-couleurs-en-photographie\/#breadcrumb"},"inLanguage":"fr-FR","potentialAction":[{"@type":"ReadAction","target":["https:\/\/photo.fnac.com\/conseils-photo\/7-conseils-pour-bien-utiliser-les-couleurs-en-photographie\/"]}]},{"@type":"ImageObject","inLanguage":"fr-FR","@id":"https:\/\/photo.fnac.com\/conseils-photo\/7-conseils-pour-bien-utiliser-les-couleurs-en-photographie\/#primaryimage","url":"https:\/\/photo.fnac.com\/conseils-photo\/wp-content\/uploads\/2024\/04\/bien_utiliser_couleurs_photographie.jpg","contentUrl":"https:\/\/photo.fnac.com\/conseils-photo\/wp-content\/uploads\/2024\/04\/bien_utiliser_couleurs_photographie.jpg","width":1280,"height":960},{"@type":"BreadcrumbList","@id":"https:\/\/photo.fnac.com\/conseils-photo\/7-conseils-pour-bien-utiliser-les-couleurs-en-photographie\/#breadcrumb","itemListElement":[{"@type":"ListItem","position":1,"name":"Accueil","item":"https:\/\/photo.fnac.com\/conseils-photo\/"},{"@type":"ListItem","position":2,"name":"Conseils et Astuces","item":"https:\/\/photo.fnac.com\/conseils-photo\/category\/conseils-astuces\/"},{"@type":"ListItem","position":3,"name":"7 conseils pour bien utiliser les couleurs en photographie"}]},{"@type":"WebSite","@id":"https:\/\/photo.fnac.com\/conseils-photo\/#website","url":"https:\/\/photo.fnac.com\/conseils-photo\/","name":"Fnac Photo","description":"Tous nos conseils photos","publisher":{"@id":"https:\/\/photo.fnac.com\/conseils-photo\/#organization"},"potentialAction":[{"@type":"SearchAction","target":{"@type":"EntryPoint","urlTemplate":"https:\/\/photo.fnac.com\/conseils-photo\/?s={search_term_string}"},"query-input":{"@type":"PropertyValueSpecification","valueRequired":true,"valueName":"search_term_string"}}],"inLanguage":"fr-FR"},{"@type":"Organization","@id":"https:\/\/photo.fnac.com\/conseils-photo\/#organization","name":"Fnac Photo","alternateName":"Fnac","url":"https:\/\/photo.fnac.com\/conseils-photo\/","logo":{"@type":"ImageObject","inLanguage":"fr-FR","@id":"https:\/\/photo.fnac.com\/conseils-photo\/#\/schema\/logo\/image\/","url":"https:\/\/fnac-preprod.magento.digitalphoto.dev\/conseils-photo\/wp-content\/uploads\/2024\/04\/cropped-favicon_fnac.png","contentUrl":"https:\/\/fnac-preprod.magento.digitalphoto.dev\/conseils-photo\/wp-content\/uploads\/2024\/04\/cropped-favicon_fnac.png","width":512,"height":512,"caption":"Fnac Photo"},"image":{"@id":"https:\/\/photo.fnac.com\/conseils-photo\/#\/schema\/logo\/image\/"}},{"@type":"Person","@id":"https:\/\/photo.fnac.com\/conseils-photo\/#\/schema\/person\/e569b38980f92f6d5428b4c122945a11","name":"Antoine Pallichaud"}]}},"acf":[],"_links":{"self":[{"href":"https:\/\/photo.fnac.com\/conseils-photo\/wp-json\/wp\/v2\/posts\/13008","targetHints":{"allow":["GET"]}}],"collection":[{"href":"https:\/\/photo.fnac.com\/conseils-photo\/wp-json\/wp\/v2\/posts"}],"about":[{"href":"https:\/\/photo.fnac.com\/conseils-photo\/wp-json\/wp\/v2\/types\/post"}],"author":[{"embeddable":true,"href":"https:\/\/photo.fnac.com\/conseils-photo\/wp-json\/wp\/v2\/users\/33"}],"replies":[{"embeddable":true,"href":"https:\/\/photo.fnac.com\/conseils-photo\/wp-json\/wp\/v2\/comments?post=13008"}],"version-history":[{"count":10,"href":"https:\/\/photo.fnac.com\/conseils-photo\/wp-json\/wp\/v2\/posts\/13008\/revisions"}],"predecessor-version":[{"id":14420,"href":"https:\/\/photo.fnac.com\/conseils-photo\/wp-json\/wp\/v2\/posts\/13008\/revisions\/14420"}],"wp:featuredmedia":[{"embeddable":true,"href":"https:\/\/photo.fnac.com\/conseils-photo\/wp-json\/wp\/v2\/media\/13009"}],"wp:attachment":[{"href":"https:\/\/photo.fnac.com\/conseils-photo\/wp-json\/wp\/v2\/media?parent=13008"}],"wp:term":[{"taxonomy":"category","embeddable":true,"href":"https:\/\/photo.fnac.com\/conseils-photo\/wp-json\/wp\/v2\/categories?post=13008"},{"taxonomy":"post_tag","embeddable":true,"href":"https:\/\/photo.fnac.com\/conseils-photo\/wp-json\/wp\/v2\/tags?post=13008"}],"curies":[{"name":"wp","href":"https:\/\/api.w.org\/{rel}","templated":true}]}}