{"id":13204,"date":"2024-04-26T14:18:29","date_gmt":"2024-04-26T12:18:29","guid":{"rendered":"https:\/\/fnac-preprod.magento.digitalphoto.dev\/conseils-photo\/?p=13204"},"modified":"2025-12-10T16:48:14","modified_gmt":"2025-12-10T14:48:14","slug":"top-5-meilleurs-livres-photo","status":"publish","type":"post","link":"https:\/\/photo.fnac.com\/conseils-photo\/top-5-meilleurs-livres-photo\/","title":{"rendered":"Top 5 des meilleurs livres photo : notre comparatif"},"content":{"rendered":"\n\n\t<p>Vous cherchez le livre photo parfait pour immortaliser vos souvenirs les plus pr\u00e9cieux et aller plus loin que de simples tirages photo ? Ne cherchez pas plus loin ! Notre guide comparatif pr\u00e9sente les<strong> 5 meilleurs livres photo<\/strong> disponibles sur notre site web en 2026. Que vous souhaitiez cr\u00e9er un album de mariage \u00e9l\u00e9gant, un livre de voyage captivant ou un album personnalis\u00e9 inoubliable, nous avons s\u00e9lectionn\u00e9 les <strong>meilleurs choix<\/strong> pour vous.\u00a0<\/p>\n\t<h2 aria-level=\"2\"><b>Guide comparatif des meilleurs livres photo en 2026<\/b><\/h2>\n<p>Nous avons choisi une large s\u00e9lection d&rsquo;albums photo pour r\u00e9pondre \u00e0 une vari\u00e9t\u00e9 de besoins et pr\u00e9f\u00e9rences. Que vous souhaitiez immortaliser une naissance, un voyage ou cr\u00e9er un portfolio professionnel, nous avons l&rsquo;album parfait pour vous.<\/p>\n<p>Dans cette section, nous vous pr\u00e9sentons cinq diff\u00e9rents livres photo pour vous permettre de faire votre propre choix. Nous esp\u00e9rons qu&rsquo;avec cet article, vous trouverez l&rsquo;album photo id\u00e9al pour chaque occasion sp\u00e9ciale.<\/p>\n\t\t\t\t<img decoding=\"async\" src=\"https:\/\/photo.fnac.com\/conseils-photo\/wp-content\/uploads\/2024\/04\/comparatif-livre-photo-portrait.jpg\" alt=\"Comparatif livre photo - Album photo A4 portrait\" itemprop=\"image\" title=\"Comparatif livre photo - Album photo A4 portrait\" onerror=\"this.style.display='none'\" loading='lazy' \/>\n\t<h2 aria-level=\"2\"><b>N\u00b05 &#8211; Livre photo portrait : pour les photos de tous les jours <\/b>\u00a0<\/h2>\n<p>Nous appr\u00e9cions le livre photo portrait pour sa personnalisation vari\u00e9e et son format adapt\u00e9 aux photos au format portrait. Il est id\u00e9al pour vos photos de voyages prises avec votre smartphone, il permet de pr\u00e9senter \u00e9galement vos selfies entre amis et avec votre famille \u00e0 la perfection.<\/p>\n<p>Ce produit est une excellente option pour ceux qui souhaitent imprimer leurs souvenirs de voyage ou photos de tous les jours en format portrait. Son format fait penser au format des BD, et servirait parfaitement \u00e0 raconter vos aventures dans un style comique pour les plus cr\u00e9atifs d&rsquo;entre vous.<\/p>\n<h3><strong>Note : <img decoding=\"async\" role=\"img\" draggable=\"false\" src=\"https:\/\/s.w.org\/images\/core\/emoji\/14.0.0\/svg\/2b50.svg\" alt=\"\u2b50\" \/><img decoding=\"async\" role=\"img\" draggable=\"false\" src=\"https:\/\/s.w.org\/images\/core\/emoji\/14.0.0\/svg\/2b50.svg\" alt=\"\u2b50\" \/><img decoding=\"async\" role=\"img\" draggable=\"false\" src=\"https:\/\/s.w.org\/images\/core\/emoji\/14.0.0\/svg\/2b50.svg\" alt=\"\u2b50\" \/><img decoding=\"async\" role=\"img\" draggable=\"false\" src=\"https:\/\/s.w.org\/images\/core\/emoji\/14.0.0\/svg\/2b50.svg\" alt=\"\u2b50\" \/><\/strong><strong><img decoding=\"async\" role=\"img\" draggable=\"false\" src=\"https:\/\/s.w.org\/images\/core\/emoji\/14.0.0\/svg\/2b50.svg\" alt=\"\u2b50\" \/> <\/strong><strong>(17\/20)<\/strong><\/h3>\n\t\t\t<span class=\"obfuscated-link\" target=\"_self\" data-obf=\"aHR0cHM6Ly9waG90by5mbmFjLmNvbS9saXZyZS1waG90by1wb3J0cmFpdA==\">\n\t\t\t\t\t\t\tD\u00e9couvrir le livre photo A4 portrait\n\t\t\t\t\t<\/span>\n\t<h2 aria-level=\"2\"><b>N\u00b04 &#8211; <\/b><strong>Mini livre photo souple : petit prix pour un format de poche !\u00a0<\/strong><\/h2>\n<p>Le mini livre photo souple est notre coup de c\u0153ur pour son format et sa polyvalence, parfait pour ceux qui recherchent un livre photo \u00e0 petit prix. Sa taille compacte permet de le glisser facilement dans un sac, tout en offrant une impression de haute qualit\u00e9 pour mettre en valeur vos souvenirs.<\/p>\n<p>Ce livre est particuli\u00e8rement adapt\u00e9 pour <strong>immortaliser des moments brefs mais significatifs<\/strong>, comme un retour de week-end dans un lieu charmant ou des instants pr\u00e9cieux pass\u00e9s en famille.<\/p>\n<p>En plus de son format mini, la couverture souple prend moins de place qu&rsquo;une couverture rigide. N\u00e9anmoins, elle reste solide et r\u00e9siste bien au temps.<\/p>\n<h3><strong>Note : <img decoding=\"async\" role=\"img\" draggable=\"false\" src=\"https:\/\/s.w.org\/images\/core\/emoji\/14.0.0\/svg\/2b50.svg\" alt=\"\u2b50\" \/><img decoding=\"async\" role=\"img\" draggable=\"false\" src=\"https:\/\/s.w.org\/images\/core\/emoji\/14.0.0\/svg\/2b50.svg\" alt=\"\u2b50\" \/><img decoding=\"async\" role=\"img\" draggable=\"false\" src=\"https:\/\/s.w.org\/images\/core\/emoji\/14.0.0\/svg\/2b50.svg\" alt=\"\u2b50\" \/><img decoding=\"async\" role=\"img\" draggable=\"false\" src=\"https:\/\/s.w.org\/images\/core\/emoji\/14.0.0\/svg\/2b50.svg\" alt=\"\u2b50\" \/><\/strong><strong><img decoding=\"async\" role=\"img\" draggable=\"false\" src=\"https:\/\/s.w.org\/images\/core\/emoji\/14.0.0\/svg\/2b50.svg\" alt=\"\u2b50\" \/> <\/strong><strong>(17,5\/20)<\/strong><\/h3>\n\t\t\t<span class=\"obfuscated-link\" target=\"_self\" data-obf=\"aHR0cHM6Ly9waG90by5mbmFjLmNvbS9taW5pLWxpdnJlLXBob3RvLXNvdXBsZQ==\">\n\t\t\t\t\t\t\tD\u00e9couvrir le livre photo A5\n\t\t\t\t\t<\/span>\n\t\t\t\t<img decoding=\"async\" src=\"https:\/\/photo.fnac.com\/conseils-photo\/wp-content\/uploads\/2024\/04\/comparatif-livre-photo-a5-souple.jpg\" alt=\"Comparatif livre photo - Album photo A5\" itemprop=\"image\" title=\"Comparatif livre photo - Album photo A5\" onerror=\"this.style.display='none'\" loading='lazy' \/>\n\t\t\t\t<img decoding=\"async\" src=\"https:\/\/photo.fnac.com\/conseils-photo\/wp-content\/uploads\/2024\/04\/comparatif-livre-photo-carre-xl.jpg\" alt=\"Comparatif livre photo - Album photo Carr\u00e9 XL\" itemprop=\"image\" title=\"Comparatif livre photo - Album photo Carr\u00e9 XL\" onerror=\"this.style.display='none'\" loading='lazy' \/>\n\t<h2 aria-level=\"2\"><b>N\u00b03 &#8211; <\/b><strong>Livre photo carr\u00e9 XL luxe ouverture \u00e0 plat : la qualit\u00e9 avant tout<\/strong><\/h2>\n<p>Le livre photo carr\u00e9 XL luxe avec ouverture \u00e0 plat est un choix haut de gamme destin\u00e9 pour immortaliser les occasions les plus pr\u00e9cieuses. Son format XL impressionnant (30&#215;30 cm) utilise du <strong>papier argentique<\/strong> lustr\u00e9 Crystal Archive Album Fujifilm, assurant une <strong>qualit\u00e9 d&rsquo;impression exceptionnelle<\/strong>.<\/p>\n<p>La couverture plate de cet article offre une pr\u00e9sentation chic et sophistiqu\u00e9e pour vos images, qui mettra parfaitement en valeur vos photos pour<strong> de grandes occasions <\/strong>tels que les mariages et les naissances.<\/p>\n<p>Il est \u00e9galement parfait pour documenter des voyages inoubliables ou pour des projets artistiques et des portfolios professionnels, offrant aux photographes et aux artistes un moyen raffin\u00e9 de pr\u00e9senter leur travail.<\/p>\n<h3><strong>Note : <img decoding=\"async\" role=\"img\" draggable=\"false\" src=\"https:\/\/s.w.org\/images\/core\/emoji\/14.0.0\/svg\/2b50.svg\" alt=\"\u2b50\" \/><img decoding=\"async\" role=\"img\" draggable=\"false\" src=\"https:\/\/s.w.org\/images\/core\/emoji\/14.0.0\/svg\/2b50.svg\" alt=\"\u2b50\" \/><img decoding=\"async\" role=\"img\" draggable=\"false\" src=\"https:\/\/s.w.org\/images\/core\/emoji\/14.0.0\/svg\/2b50.svg\" alt=\"\u2b50\" \/><img decoding=\"async\" role=\"img\" draggable=\"false\" src=\"https:\/\/s.w.org\/images\/core\/emoji\/14.0.0\/svg\/2b50.svg\" alt=\"\u2b50\" \/><\/strong><strong><img decoding=\"async\" role=\"img\" draggable=\"false\" src=\"https:\/\/s.w.org\/images\/core\/emoji\/14.0.0\/svg\/2b50.svg\" alt=\"\u2b50\" \/> <\/strong><strong>(18,5\/20)<\/strong><\/h3>\n\t\t\t<span class=\"obfuscated-link\" target=\"_self\" data-obf=\"aHR0cHM6Ly9waG90by5mbmFjLmNvbS9saXZyZS1waG90by1jYXJyZS14bC1vdXZlcnR1cmUtYS1wbGF0\">\n\t\t\t\t\t\t\tD\u00e9couvrir le livre carr\u00e9 XL\n\t\t\t\t\t<\/span>\n\t\t\t\t<img decoding=\"async\" src=\"https:\/\/photo.fnac.com\/conseils-photo\/wp-content\/uploads\/2025\/07\/small_livre.jpg\" alt=\"Livre Photo Fnac\" itemprop=\"image\" height=\"300\" width=\"300\" title=\"Livre Photo Fnac\" onerror=\"this.style.display='none'\" loading='lazy' \/>\n\t<p><strong>Livres photo personnalis\u00e9s<\/strong><\/p>\n<p>Plus de 20 formats pour toutes les occasions<\/p>\n<p>A partir de <strong>14,90\u20ac<\/strong><\/p>\n\t\t\t<a href=\"https:\/\/photo.fnac.com\/livres-photo\" target=\"_self\">\n\t\t\t\t\t\t\tAcheter sur Fnac Photo\n\t\t\t\t\t<\/a>\n\t<h2 aria-level=\"2\"><b>N\u00b02 &#8211;<\/b><strong>\u00a0Livre photo \u00e0 fen\u00eatre : un design unique\u00a0\u00a0<\/strong><\/h2>\n<p><strong>Le livre photo \u00e0 fen\u00eatre<\/strong>, a comme particularit\u00e9 une couverture d\u00e9coup\u00e9e avec une forme , <strong>et offre une pr\u00e9sentation unique de la premi\u00e8re page de votre album photo<\/strong>. D\u00e9couvrez de nombreuses formes comme le rectangle, le rond, l&rsquo;ann\u00e9e et le c\u0153ur. C&rsquo;est l&rsquo;option parfaite pour des cadeaux photo pleins d&rsquo;\u00e9motions.<\/p>\n<p>Ses diff\u00e9rentes options de fen\u00eatre conviennent \u00e0 toutes les occasions. Que vous souhaitiez c\u00e9l\u00e9brer un mariage ou un joli cadeau pour la f\u00eate des m\u00e8res, le livre photo avec une fen\u00eatre en forme de c\u0153ur serra parfaite pour vous. Et pour r\u00e9capituler les meilleurs moments de l&rsquo;ann\u00e9e, la d\u00e9coupe en chiffres est id\u00e9ale.<\/p>\n<p>Parfaits pour des cadeaux d&rsquo;anniversaire ou de No\u00ebl uniques, <strong>chaque livre peut \u00eatre personnalis\u00e9 pour capturer un moment m\u00e9morable de l&rsquo;\u00e9v\u00e9nement<\/strong>. Le livre photo \u00e0 fen\u00eatre cr\u00e9e une anticipation excitante pour le contenu \u00e0 d\u00e9couvrir.<\/p>\n<h3><strong>Note : <img decoding=\"async\" role=\"img\" draggable=\"false\" src=\"https:\/\/s.w.org\/images\/core\/emoji\/14.0.0\/svg\/2b50.svg\" alt=\"\u2b50\" \/><img decoding=\"async\" role=\"img\" draggable=\"false\" src=\"https:\/\/s.w.org\/images\/core\/emoji\/14.0.0\/svg\/2b50.svg\" alt=\"\u2b50\" \/><img decoding=\"async\" role=\"img\" draggable=\"false\" src=\"https:\/\/s.w.org\/images\/core\/emoji\/14.0.0\/svg\/2b50.svg\" alt=\"\u2b50\" \/><img decoding=\"async\" role=\"img\" draggable=\"false\" src=\"https:\/\/s.w.org\/images\/core\/emoji\/14.0.0\/svg\/2b50.svg\" alt=\"\u2b50\" \/><\/strong><strong><img decoding=\"async\" role=\"img\" draggable=\"false\" src=\"https:\/\/s.w.org\/images\/core\/emoji\/14.0.0\/svg\/2b50.svg\" alt=\"\u2b50\" \/> <\/strong><strong>(19\/20)<\/strong><\/h3>\n\t\t\t<span class=\"obfuscated-link\" target=\"_self\" data-obf=\"aHR0cHM6Ly9waG90by5mbmFjLmNvbS9saXZyZS1waG90by1hLWZlbmV0cmU=\">\n\t\t\t\t\t\t\tD\u00e9couvrir le livre photo \u00e0 fen\u00eatre\n\t\t\t\t\t<\/span>\n\t\t\t\t<img decoding=\"async\" src=\"https:\/\/photo.fnac.com\/conseils-photo\/wp-content\/uploads\/2024\/04\/comparatif-livre-photo-fenetre.jpg\" alt=\"Album photo A4 \u00e0 fen\u00eatre\" itemprop=\"image\" title=\"Album photo A4 \u00e0 fen\u00eatre\" onerror=\"this.style.display='none'\" loading='lazy' \/>\n\t\t\t\t<img decoding=\"async\" src=\"https:\/\/photo.fnac.com\/conseils-photo\/wp-content\/uploads\/2024\/08\/comparatif-livre-photo-a4-paysage.jpg\" alt=\"Album photo A4 paysage\" itemprop=\"image\" title=\"Album photo A4 paysage\" onerror=\"this.style.display='none'\" loading='lazy' \/>\n\t<h2 aria-level=\"2\"><b>N\u00b01 &#8211;<\/b><strong>\u00a0Livre photo paysage : l&rsquo;efficacit\u00e9 <\/strong><\/h2>\n<p>D\u00e9couvrez notre best-seller, le livre photo paysage, <strong>le grand gagnant de ce comparatif.<\/strong> Ce livre photo qui combine praticit\u00e9 et qualit\u00e9 dans un format de 28&#215;21 cm, est l&rsquo;outil id\u00e9al pour immortaliser une multitude d&rsquo;occasions, de la naissance aux grandes aventures. <strong>Sa polyvalence en fait un favori,<\/strong> offrant une vari\u00e9t\u00e9 d&rsquo;options de personnalisation pour satisfaire tous vos besoins en mati\u00e8re de cr\u00e9ation d&rsquo;albums photos.<\/p>\n<p>Vous ne savez pas par o\u00f9 commencer ? Voici les occasions pour lesquelles il est le plus utilis\u00e9 : pour raconter ses voyages avec de belles photos de paysages, ou pour capturer les pr\u00e9cieux moments d&rsquo;une naissance.<\/p>\n<p>Parfait \u00e9galement pour les professionnels, qu&rsquo;ils soient photographes ou artistes, le livre photo paysage sert de vitrine professionnelle pour pr\u00e9senter portfolios et \u0153uvres d&rsquo;art.<\/p>\n<p>Il est la d\u00e9finition de l&rsquo;efficacit\u00e9, <strong>con\u00e7u pour mettre en valeur tout type d&rsquo;occasion<\/strong>. <strong>C&rsquo;est le livre photo classique par excellence.<\/strong><\/p>\n<h3><strong>Note : <img decoding=\"async\" role=\"img\" draggable=\"false\" src=\"https:\/\/s.w.org\/images\/core\/emoji\/14.0.0\/svg\/2b50.svg\" alt=\"\u2b50\" \/><img decoding=\"async\" role=\"img\" draggable=\"false\" src=\"https:\/\/s.w.org\/images\/core\/emoji\/14.0.0\/svg\/2b50.svg\" alt=\"\u2b50\" \/><img decoding=\"async\" role=\"img\" draggable=\"false\" src=\"https:\/\/s.w.org\/images\/core\/emoji\/14.0.0\/svg\/2b50.svg\" alt=\"\u2b50\" \/><img decoding=\"async\" role=\"img\" draggable=\"false\" src=\"https:\/\/s.w.org\/images\/core\/emoji\/14.0.0\/svg\/2b50.svg\" alt=\"\u2b50\" \/><\/strong><strong><img decoding=\"async\" role=\"img\" draggable=\"false\" src=\"https:\/\/s.w.org\/images\/core\/emoji\/14.0.0\/svg\/2b50.svg\" alt=\"\u2b50\" \/> <\/strong><strong>(20\/20)<\/strong><\/h3>\n\t\t\t<span class=\"obfuscated-link\" target=\"_self\" data-obf=\"aHR0cHM6Ly9waG90by5mbmFjLmNvbS9saXZyZS1waG90by1wYXlzYWdl\">\n\t\t\t\t\t\t\tD\u00e9couvrir le livre photo paysage\n\t\t\t\t\t<\/span>\n\t\t\t\t<img decoding=\"async\" src=\"https:\/\/photo.fnac.com\/conseils-photo\/wp-content\/uploads\/2025\/07\/small_livre.jpg\" alt=\"Livre Photo Fnac\" itemprop=\"image\" height=\"300\" width=\"300\" title=\"Livre Photo Fnac\" onerror=\"this.style.display='none'\" loading='lazy' \/>\n\t<p><strong>Livres photo personnalis\u00e9s<\/strong><\/p>\n<p>Plus de 20 formats pour toutes les occasions<\/p>\n<p>A partir de <strong>14,90\u20ac<\/strong><\/p>\n\t\t\t<a href=\"https:\/\/photo.fnac.com\/livres-photo\" target=\"_self\">\n\t\t\t\t\t\t\tAcheter sur Fnac Photo\n\t\t\t\t\t<\/a>\n\t<h2 aria-level=\"2\"><b>Des livres photo pour tous les go\u00fbts : un comparatif<\/b>\u00a0<\/h2>\n<p>Dans notre large s\u00e9lection de livres photo disponibles sur notre site, <strong>chaque mod\u00e8le offre une exp\u00e9rience unique<\/strong> pour mettre en valeur vos souvenirs les plus pr\u00e9cieux. Qu&rsquo;il s&rsquo;agisse du livre photo portrait parfait pour immortaliser les moments sp\u00e9ciaux en famille, du mini livre photo souple id\u00e9al pour une option portable et pratique, ou du luxueux livre photo carr\u00e9 XL avec ouverture \u00e0 plat, <strong>nous avons une r\u00e9f\u00e9rence pour chaque besoin et chaque pr\u00e9f\u00e9rence.<\/strong>\u00a0<\/p>\n<p>Chaque livre photo pr\u00e9sente une reliure soign\u00e9e et des options de personnalisation vari\u00e9es pour r\u00e9pondre \u00e0 vos besoins sp\u00e9cifiques. Notre plateforme conviviale vous permet de comparer facilement les mod\u00e8les et de choisir celui qui correspond le mieux \u00e0 vos attentes. Avec des offres promotionnelles r\u00e9guli\u00e8res, y compris la livraison en magasin offerte, nous rendons la <strong>cr\u00e9ation de votre album photo<\/strong> encore plus <strong>accessible<\/strong>.\u00a0<\/p>\n<p>Gr\u00e2ce \u00e0 notre <strong>service d&rsquo;impression photo de haute qualit\u00e9<\/strong>, chaque clich\u00e9 est fid\u00e8lement reproduit sur du papier photo satin\u00e9 pour une finition \u00e9l\u00e9gante. Que vous cherchiez \u00e0 immortaliser un mariage, un voyage ou simplement des moments du quotidien, nos livres photo sont l\u00e0 pour vous accompagner.\u00a0<\/p>\n<p>N&rsquo;attendez plus pour d\u00e9couvrir notre s\u00e9lection et cr\u00e9er un album photo personnalis\u00e9 qui mettra en valeur vos souvenirs de mani\u00e8re unique.<\/p>\n\n","protected":false},"excerpt":{"rendered":"<p>Vous cherchez le livre photo parfait pour immortaliser vos souvenirs les plus pr\u00e9cieux et aller plus loin que de simples tirages photo ? Ne cherchez pas plus loin ! Notre guide comparatif pr\u00e9sente les 5 meilleurs livres photo disponibles sur notre site web en 2026. Que vous souhaitiez cr\u00e9er un album de mariage \u00e9l\u00e9gant, un&hellip;<\/p>\n","protected":false},"author":33,"featured_media":13205,"comment_status":"closed","ping_status":"closed","sticky":false,"template":"single-standard.php","format":"standard","meta":{"footnotes":""},"categories":[113],"tags":[48],"class_list":["post-13204","post","type-post","status-publish","format-standard","has-post-thumbnail","hentry","category-selections-guides","tag-album-photo"],"yoast_head":"<!-- This site is optimized with the Yoast SEO plugin v25.3.1 - https:\/\/yoast.com\/wordpress\/plugins\/seo\/ -->\n<title>Top 5 des meilleurs livres photo : notre comparatif<\/title>\n<meta name=\"description\" content=\"Comparatif livres photo en 2024 - Vous cherchez le livre photo parfait pour immortaliser vos souvenirs les plus pr\u00e9cieux et aller plus loin que de simples tirages photo ? Ne cherchez pas\" \/>\n<meta name=\"robots\" content=\"index, follow, max-snippet:-1, max-image-preview:large, max-video-preview:-1\" \/>\n<link rel=\"canonical\" href=\"https:\/\/photo.fnac.com\/conseils-photo\/top-5-meilleurs-livres-photo\/\" \/>\n<meta property=\"og:locale\" content=\"fr_FR\" \/>\n<meta property=\"og:type\" content=\"article\" \/>\n<meta property=\"og:title\" content=\"Top 5 des meilleurs livres photo : notre comparatif\" \/>\n<meta property=\"og:description\" content=\"Comparatif livres photo en 2024 - Vous cherchez le livre photo parfait pour immortaliser vos souvenirs les plus pr\u00e9cieux et aller plus loin que de simples tirages photo ? Ne cherchez pas\" \/>\n<meta property=\"og:url\" content=\"https:\/\/photo.fnac.com\/conseils-photo\/top-5-meilleurs-livres-photo\/\" \/>\n<meta property=\"og:site_name\" content=\"Fnac\" \/>\n<meta property=\"article:published_time\" content=\"2024-04-26T12:18:29+00:00\" \/>\n<meta property=\"article:modified_time\" content=\"2025-12-10T14:48:14+00:00\" \/>\n<meta property=\"og:image\" content=\"https:\/\/photo.fnac.com\/conseils-photo\/wp-content\/uploads\/2024\/04\/pexels-readymade-4022036-scaled.jpg\" \/>\n\t<meta property=\"og:image:width\" content=\"2048\" \/>\n\t<meta property=\"og:image:height\" content=\"1368\" \/>\n\t<meta property=\"og:image:type\" content=\"image\/jpeg\" \/>\n<meta name=\"author\" content=\"Antoine Pallichaud\" \/>\n<meta name=\"twitter:card\" content=\"summary_large_image\" \/>\n<meta name=\"twitter:label1\" content=\"\u00c9crit par\" \/>\n\t<meta name=\"twitter:data1\" content=\"Antoine Pallichaud\" \/>\n\t<meta name=\"twitter:label2\" content=\"Dur\u00e9e de lecture estim\u00e9e\" \/>\n\t<meta name=\"twitter:data2\" content=\"12 minutes\" \/>\n<script type=\"application\/ld+json\" class=\"yoast-schema-graph\">{\"@context\":\"https:\/\/schema.org\",\"@graph\":[{\"@type\":\"Article\",\"@id\":\"https:\/\/photo.fnac.com\/conseils-photo\/top-5-meilleurs-livres-photo\/#article\",\"isPartOf\":{\"@id\":\"https:\/\/photo.fnac.com\/conseils-photo\/top-5-meilleurs-livres-photo\/\"},\"author\":{\"name\":\"Antoine Pallichaud\",\"@id\":\"https:\/\/photo.fnac.com\/conseils-photo\/#\/schema\/person\/e569b38980f92f6d5428b4c122945a11\"},\"headline\":\"Top 5 des meilleurs livres photo : notre comparatif\",\"datePublished\":\"2024-04-26T12:18:29+00:00\",\"dateModified\":\"2025-12-10T14:48:14+00:00\",\"mainEntityOfPage\":{\"@id\":\"https:\/\/photo.fnac.com\/conseils-photo\/top-5-meilleurs-livres-photo\/\"},\"wordCount\":1159,\"publisher\":{\"@id\":\"https:\/\/photo.fnac.com\/conseils-photo\/#organization\"},\"image\":{\"@id\":\"https:\/\/photo.fnac.com\/conseils-photo\/top-5-meilleurs-livres-photo\/#primaryimage\"},\"thumbnailUrl\":\"https:\/\/photo.fnac.com\/conseils-photo\/wp-content\/uploads\/2024\/04\/pexels-readymade-4022036-scaled.jpg\",\"keywords\":[\"Album photo\"],\"articleSection\":[\"S\u00e9lections et guides\"],\"inLanguage\":\"fr-FR\"},{\"@type\":\"WebPage\",\"@id\":\"https:\/\/photo.fnac.com\/conseils-photo\/top-5-meilleurs-livres-photo\/\",\"url\":\"https:\/\/photo.fnac.com\/conseils-photo\/top-5-meilleurs-livres-photo\/\",\"name\":\"Top 5 des meilleurs livres photo : notre comparatif\",\"isPartOf\":{\"@id\":\"https:\/\/photo.fnac.com\/conseils-photo\/#website\"},\"primaryImageOfPage\":{\"@id\":\"https:\/\/photo.fnac.com\/conseils-photo\/top-5-meilleurs-livres-photo\/#primaryimage\"},\"image\":{\"@id\":\"https:\/\/photo.fnac.com\/conseils-photo\/top-5-meilleurs-livres-photo\/#primaryimage\"},\"thumbnailUrl\":\"https:\/\/photo.fnac.com\/conseils-photo\/wp-content\/uploads\/2024\/04\/pexels-readymade-4022036-scaled.jpg\",\"datePublished\":\"2024-04-26T12:18:29+00:00\",\"dateModified\":\"2025-12-10T14:48:14+00:00\",\"description\":\"Comparatif livres photo en 2024 - Vous cherchez le livre photo parfait pour immortaliser vos souvenirs les plus pr\u00e9cieux et aller plus loin que de simples tirages photo ? Ne cherchez pas\",\"breadcrumb\":{\"@id\":\"https:\/\/photo.fnac.com\/conseils-photo\/top-5-meilleurs-livres-photo\/#breadcrumb\"},\"inLanguage\":\"fr-FR\",\"potentialAction\":[{\"@type\":\"ReadAction\",\"target\":[\"https:\/\/photo.fnac.com\/conseils-photo\/top-5-meilleurs-livres-photo\/\"]}]},{\"@type\":\"ImageObject\",\"inLanguage\":\"fr-FR\",\"@id\":\"https:\/\/photo.fnac.com\/conseils-photo\/top-5-meilleurs-livres-photo\/#primaryimage\",\"url\":\"https:\/\/photo.fnac.com\/conseils-photo\/wp-content\/uploads\/2024\/04\/pexels-readymade-4022036-scaled.jpg\",\"contentUrl\":\"https:\/\/photo.fnac.com\/conseils-photo\/wp-content\/uploads\/2024\/04\/pexels-readymade-4022036-scaled.jpg\",\"width\":2048,\"height\":1368},{\"@type\":\"BreadcrumbList\",\"@id\":\"https:\/\/photo.fnac.com\/conseils-photo\/top-5-meilleurs-livres-photo\/#breadcrumb\",\"itemListElement\":[{\"@type\":\"ListItem\",\"position\":1,\"name\":\"Accueil\",\"item\":\"https:\/\/photo.fnac.com\/conseils-photo\/\"},{\"@type\":\"ListItem\",\"position\":2,\"name\":\"S\u00e9lections et guides\",\"item\":\"https:\/\/photo.fnac.com\/conseils-photo\/category\/selections-guides\/\"},{\"@type\":\"ListItem\",\"position\":3,\"name\":\"Top 5 des meilleurs livres photo : notre comparatif\"}]},{\"@type\":\"WebSite\",\"@id\":\"https:\/\/photo.fnac.com\/conseils-photo\/#website\",\"url\":\"https:\/\/photo.fnac.com\/conseils-photo\/\",\"name\":\"Fnac Photo\",\"description\":\"Tous nos conseils photos\",\"publisher\":{\"@id\":\"https:\/\/photo.fnac.com\/conseils-photo\/#organization\"},\"potentialAction\":[{\"@type\":\"SearchAction\",\"target\":{\"@type\":\"EntryPoint\",\"urlTemplate\":\"https:\/\/photo.fnac.com\/conseils-photo\/?s={search_term_string}\"},\"query-input\":{\"@type\":\"PropertyValueSpecification\",\"valueRequired\":true,\"valueName\":\"search_term_string\"}}],\"inLanguage\":\"fr-FR\"},{\"@type\":\"Organization\",\"@id\":\"https:\/\/photo.fnac.com\/conseils-photo\/#organization\",\"name\":\"Fnac Photo\",\"alternateName\":\"Fnac\",\"url\":\"https:\/\/photo.fnac.com\/conseils-photo\/\",\"logo\":{\"@type\":\"ImageObject\",\"inLanguage\":\"fr-FR\",\"@id\":\"https:\/\/photo.fnac.com\/conseils-photo\/#\/schema\/logo\/image\/\",\"url\":\"https:\/\/fnac-preprod.magento.digitalphoto.dev\/conseils-photo\/wp-content\/uploads\/2024\/04\/cropped-favicon_fnac.png\",\"contentUrl\":\"https:\/\/fnac-preprod.magento.digitalphoto.dev\/conseils-photo\/wp-content\/uploads\/2024\/04\/cropped-favicon_fnac.png\",\"width\":512,\"height\":512,\"caption\":\"Fnac Photo\"},\"image\":{\"@id\":\"https:\/\/photo.fnac.com\/conseils-photo\/#\/schema\/logo\/image\/\"}},{\"@type\":\"Person\",\"@id\":\"https:\/\/photo.fnac.com\/conseils-photo\/#\/schema\/person\/e569b38980f92f6d5428b4c122945a11\",\"name\":\"Antoine Pallichaud\"}]}<\/script>\n<!-- \/ Yoast SEO plugin. -->","yoast_head_json":{"title":"Top 5 des meilleurs livres photo : notre comparatif","description":"Comparatif livres photo en 2024 - Vous cherchez le livre photo parfait pour immortaliser vos souvenirs les plus pr\u00e9cieux et aller plus loin que de simples tirages photo ? Ne cherchez pas","robots":{"index":"index","follow":"follow","max-snippet":"max-snippet:-1","max-image-preview":"max-image-preview:large","max-video-preview":"max-video-preview:-1"},"canonical":"https:\/\/photo.fnac.com\/conseils-photo\/top-5-meilleurs-livres-photo\/","og_locale":"fr_FR","og_type":"article","og_title":"Top 5 des meilleurs livres photo : notre comparatif","og_description":"Comparatif livres photo en 2024 - Vous cherchez le livre photo parfait pour immortaliser vos souvenirs les plus pr\u00e9cieux et aller plus loin que de simples tirages photo ? Ne cherchez pas","og_url":"https:\/\/photo.fnac.com\/conseils-photo\/top-5-meilleurs-livres-photo\/","og_site_name":"Fnac","article_published_time":"2024-04-26T12:18:29+00:00","article_modified_time":"2025-12-10T14:48:14+00:00","og_image":[{"width":2048,"height":1368,"url":"https:\/\/photo.fnac.com\/conseils-photo\/wp-content\/uploads\/2024\/04\/pexels-readymade-4022036-scaled.jpg","type":"image\/jpeg"}],"author":"Antoine Pallichaud","twitter_card":"summary_large_image","twitter_misc":{"\u00c9crit par":"Antoine Pallichaud","Dur\u00e9e de lecture estim\u00e9e":"12 minutes"},"schema":{"@context":"https:\/\/schema.org","@graph":[{"@type":"Article","@id":"https:\/\/photo.fnac.com\/conseils-photo\/top-5-meilleurs-livres-photo\/#article","isPartOf":{"@id":"https:\/\/photo.fnac.com\/conseils-photo\/top-5-meilleurs-livres-photo\/"},"author":{"name":"Antoine Pallichaud","@id":"https:\/\/photo.fnac.com\/conseils-photo\/#\/schema\/person\/e569b38980f92f6d5428b4c122945a11"},"headline":"Top 5 des meilleurs livres photo : notre comparatif","datePublished":"2024-04-26T12:18:29+00:00","dateModified":"2025-12-10T14:48:14+00:00","mainEntityOfPage":{"@id":"https:\/\/photo.fnac.com\/conseils-photo\/top-5-meilleurs-livres-photo\/"},"wordCount":1159,"publisher":{"@id":"https:\/\/photo.fnac.com\/conseils-photo\/#organization"},"image":{"@id":"https:\/\/photo.fnac.com\/conseils-photo\/top-5-meilleurs-livres-photo\/#primaryimage"},"thumbnailUrl":"https:\/\/photo.fnac.com\/conseils-photo\/wp-content\/uploads\/2024\/04\/pexels-readymade-4022036-scaled.jpg","keywords":["Album photo"],"articleSection":["S\u00e9lections et guides"],"inLanguage":"fr-FR"},{"@type":"WebPage","@id":"https:\/\/photo.fnac.com\/conseils-photo\/top-5-meilleurs-livres-photo\/","url":"https:\/\/photo.fnac.com\/conseils-photo\/top-5-meilleurs-livres-photo\/","name":"Top 5 des meilleurs livres photo : notre comparatif","isPartOf":{"@id":"https:\/\/photo.fnac.com\/conseils-photo\/#website"},"primaryImageOfPage":{"@id":"https:\/\/photo.fnac.com\/conseils-photo\/top-5-meilleurs-livres-photo\/#primaryimage"},"image":{"@id":"https:\/\/photo.fnac.com\/conseils-photo\/top-5-meilleurs-livres-photo\/#primaryimage"},"thumbnailUrl":"https:\/\/photo.fnac.com\/conseils-photo\/wp-content\/uploads\/2024\/04\/pexels-readymade-4022036-scaled.jpg","datePublished":"2024-04-26T12:18:29+00:00","dateModified":"2025-12-10T14:48:14+00:00","description":"Comparatif livres photo en 2024 - Vous cherchez le livre photo parfait pour immortaliser vos souvenirs les plus pr\u00e9cieux et aller plus loin que de simples tirages photo ? Ne cherchez pas","breadcrumb":{"@id":"https:\/\/photo.fnac.com\/conseils-photo\/top-5-meilleurs-livres-photo\/#breadcrumb"},"inLanguage":"fr-FR","potentialAction":[{"@type":"ReadAction","target":["https:\/\/photo.fnac.com\/conseils-photo\/top-5-meilleurs-livres-photo\/"]}]},{"@type":"ImageObject","inLanguage":"fr-FR","@id":"https:\/\/photo.fnac.com\/conseils-photo\/top-5-meilleurs-livres-photo\/#primaryimage","url":"https:\/\/photo.fnac.com\/conseils-photo\/wp-content\/uploads\/2024\/04\/pexels-readymade-4022036-scaled.jpg","contentUrl":"https:\/\/photo.fnac.com\/conseils-photo\/wp-content\/uploads\/2024\/04\/pexels-readymade-4022036-scaled.jpg","width":2048,"height":1368},{"@type":"BreadcrumbList","@id":"https:\/\/photo.fnac.com\/conseils-photo\/top-5-meilleurs-livres-photo\/#breadcrumb","itemListElement":[{"@type":"ListItem","position":1,"name":"Accueil","item":"https:\/\/photo.fnac.com\/conseils-photo\/"},{"@type":"ListItem","position":2,"name":"S\u00e9lections et guides","item":"https:\/\/photo.fnac.com\/conseils-photo\/category\/selections-guides\/"},{"@type":"ListItem","position":3,"name":"Top 5 des meilleurs livres photo : notre comparatif"}]},{"@type":"WebSite","@id":"https:\/\/photo.fnac.com\/conseils-photo\/#website","url":"https:\/\/photo.fnac.com\/conseils-photo\/","name":"Fnac Photo","description":"Tous nos conseils photos","publisher":{"@id":"https:\/\/photo.fnac.com\/conseils-photo\/#organization"},"potentialAction":[{"@type":"SearchAction","target":{"@type":"EntryPoint","urlTemplate":"https:\/\/photo.fnac.com\/conseils-photo\/?s={search_term_string}"},"query-input":{"@type":"PropertyValueSpecification","valueRequired":true,"valueName":"search_term_string"}}],"inLanguage":"fr-FR"},{"@type":"Organization","@id":"https:\/\/photo.fnac.com\/conseils-photo\/#organization","name":"Fnac Photo","alternateName":"Fnac","url":"https:\/\/photo.fnac.com\/conseils-photo\/","logo":{"@type":"ImageObject","inLanguage":"fr-FR","@id":"https:\/\/photo.fnac.com\/conseils-photo\/#\/schema\/logo\/image\/","url":"https:\/\/fnac-preprod.magento.digitalphoto.dev\/conseils-photo\/wp-content\/uploads\/2024\/04\/cropped-favicon_fnac.png","contentUrl":"https:\/\/fnac-preprod.magento.digitalphoto.dev\/conseils-photo\/wp-content\/uploads\/2024\/04\/cropped-favicon_fnac.png","width":512,"height":512,"caption":"Fnac Photo"},"image":{"@id":"https:\/\/photo.fnac.com\/conseils-photo\/#\/schema\/logo\/image\/"}},{"@type":"Person","@id":"https:\/\/photo.fnac.com\/conseils-photo\/#\/schema\/person\/e569b38980f92f6d5428b4c122945a11","name":"Antoine Pallichaud"}]}},"acf":[],"_links":{"self":[{"href":"https:\/\/photo.fnac.com\/conseils-photo\/wp-json\/wp\/v2\/posts\/13204","targetHints":{"allow":["GET"]}}],"collection":[{"href":"https:\/\/photo.fnac.com\/conseils-photo\/wp-json\/wp\/v2\/posts"}],"about":[{"href":"https:\/\/photo.fnac.com\/conseils-photo\/wp-json\/wp\/v2\/types\/post"}],"author":[{"embeddable":true,"href":"https:\/\/photo.fnac.com\/conseils-photo\/wp-json\/wp\/v2\/users\/33"}],"replies":[{"embeddable":true,"href":"https:\/\/photo.fnac.com\/conseils-photo\/wp-json\/wp\/v2\/comments?post=13204"}],"version-history":[{"count":10,"href":"https:\/\/photo.fnac.com\/conseils-photo\/wp-json\/wp\/v2\/posts\/13204\/revisions"}],"predecessor-version":[{"id":14532,"href":"https:\/\/photo.fnac.com\/conseils-photo\/wp-json\/wp\/v2\/posts\/13204\/revisions\/14532"}],"wp:featuredmedia":[{"embeddable":true,"href":"https:\/\/photo.fnac.com\/conseils-photo\/wp-json\/wp\/v2\/media\/13205"}],"wp:attachment":[{"href":"https:\/\/photo.fnac.com\/conseils-photo\/wp-json\/wp\/v2\/media?parent=13204"}],"wp:term":[{"taxonomy":"category","embeddable":true,"href":"https:\/\/photo.fnac.com\/conseils-photo\/wp-json\/wp\/v2\/categories?post=13204"},{"taxonomy":"post_tag","embeddable":true,"href":"https:\/\/photo.fnac.com\/conseils-photo\/wp-json\/wp\/v2\/tags?post=13204"}],"curies":[{"name":"wp","href":"https:\/\/api.w.org\/{rel}","templated":true}]}}